{"id":4126,"date":"2024-12-04T10:44:08","date_gmt":"2024-12-04T09:44:08","guid":{"rendered":"https:\/\/www.ballerstaedt.de\/?p=4126"},"modified":"2024-12-04T10:44:08","modified_gmt":"2024-12-04T09:44:08","slug":"our-trade-fair-participation-in-2025","status":"publish","type":"post","link":"https:\/\/www.ballerstaedt.de\/en\/our-trade-fair-participation-in-2025\/","title":{"rendered":"Our Trade Fair Participation in 2025"},"content":{"rendered":"<p>We are excited to announce our presence at some of the leading industry trade fairs in 2025. Take the opportunity to meet us in person and explore our innovative solutions and products. Here are the events where you can find us:<\/p>\n<h3><strong>1. <a href=\"https:\/\/www.cosmoprof.com\/en\/the-fair\/cosmopack\/\" target=\"_blank\" rel=\"noopener\">Cosmopack Bologna<\/a><\/strong><\/h3>\n<p>\ud83d\udcc5 <strong>Date:<\/strong> March 20\u201322, 2025<br \/>\n\ud83d\udccd <strong>Location:<\/strong> Bologna, Italy<br \/>\n\ud83c\udf1f <strong>Why visit us?<\/strong><br \/>\nCosmopack is the world\u2019s leading trade fair for cosmetics packaging. Discover our latest sustainable packaging solutions and learn how we can help your brand stand out in a competitive market.<\/p>\n<h3><strong>2. <a href=\"https:\/\/www.cosmetic-business.com\/de\/\" target=\"_blank\" rel=\"noopener\">CosmeticBusiness Munich<\/a><\/strong><\/h3>\n<p>\ud83d\udcc5 <strong>Date:<\/strong> June 4\u20135, 2025<br \/>\n\ud83d\udccd <strong>Location:<\/strong> Munich, Germany<br \/>\n\ud83c\udf1f <strong>Why visit us?<\/strong><br \/>\nCosmeticBusiness offers an exclusive platform for the development and marketing of cosmetic products. We\u2019ll showcase innovative concepts and tailor-made solutions to bring your product ideas to life.<\/p>\n<h3><strong>3. <a href=\"https:\/\/www.fachpack.de\/de-de\/alles-ueber-die-messe\/fachpack\/vorschau\" target=\"_blank\" rel=\"noopener\">Fachpack Nuremberg<\/a><\/strong><\/h3>\n<p>\ud83d\udcc5 <strong>Date:<\/strong> September 23\u201325, 2025<br \/>\n\ud83d\udccd <strong>Location:<\/strong> Nuremberg, Germany<br \/>\n\ud83c\udf1f <strong>Why visit us?<\/strong><br \/>\nFachpack is the key meeting point for the European packaging industry. Explore how our packaging solutions combine functionality, design, and sustainability to perfectly showcase your products.<\/p>\n<p><strong>Plan Your Visit!<\/strong><br \/>\nBook an appointment with our team now. Contact us via <a href=\"mailto:sales@ballerstadt.de\" target=\"_blank\" rel=\"noopener\">sales@ballerstadt.de<\/a> or visit us directly at our booth. We look forward to welcoming you!<\/p>\n<p><strong>Stay Updated<\/strong><br \/>\nFollow us on <a href=\"https:\/\/www.linkedin.com\/company\/ballerstaedt-&amp;-co.-ohg\/?viewAsMember=true\" target=\"_blank\" rel=\"noopener\">linkedin<\/a> for the latest updates on our trade fair appearances and exciting news.<\/p>\n<p>We look forward to inspiring conversations and shaping the future together with you!<\/p>\n","protected":false},"excerpt":{"rendered":"<p>We are excited to announce our presence at some of the leading industry trade fairs in 2025. Take the opportunity to &#8230;<\/p>\n","protected":false},"author":7,"featured_media":4130,"comment_status":"closed","ping_status":"closed","sticky":false,"template":"","format":"standard","meta":{"footnotes":""},"categories":[18,17],"tags":[],"class_list":["post-4126","post","type-post","status-publish","format-standard","has-post-thumbnail","hentry","category-news-en","category-trade-fairs"],"yoast_head":"<!-- This site is optimized with the Yoast SEO plugin v27.4 - https:\/\/yoast.com\/product\/yoast-seo-wordpress\/ -->\n<title>Our Trade Fair Participation in 2025 - Ballerstaedt<\/title>\n<meta name=\"robots\" content=\"index, follow, max-snippet:-1, max-image-preview:large, max-video-preview:-1\" \/>\n<link rel=\"canonical\" href=\"https:\/\/www.ballerstaedt.de\/en\/our-trade-fair-participation-in-2025\/\" \/>\n<meta property=\"og:locale\" content=\"en_US\" \/>\n<meta property=\"og:type\" content=\"article\" \/>\n<meta property=\"og:title\" content=\"Our Trade Fair Participation in 2025 - Ballerstaedt\" \/>\n<meta property=\"og:description\" content=\"We are excited to announce our presence at some of the leading industry trade fairs in 2025. Take the opportunity to ...\" \/>\n<meta property=\"og:url\" content=\"https:\/\/www.ballerstaedt.de\/en\/our-trade-fair-participation-in-2025\/\" \/>\n<meta property=\"og:site_name\" content=\"Ballerstaedt\" \/>\n<meta property=\"article:published_time\" content=\"2024-12-04T09:44:08+00:00\" \/>\n<meta property=\"og:image\" content=\"https:\/\/www.ballerstaedt.de\/wp-content\/uploads\/2024\/12\/Messen-2025.jpg\" \/>\n\t<meta property=\"og:image:width\" content=\"1920\" \/>\n\t<meta property=\"og:image:height\" content=\"1080\" \/>\n\t<meta property=\"og:image:type\" content=\"image\/jpeg\" \/>\n<meta name=\"author\" content=\"Caroline Kraus\" \/>\n<meta name=\"twitter:card\" content=\"summary_large_image\" \/>\n<meta name=\"twitter:label1\" content=\"Written by\" \/>\n\t<meta name=\"twitter:data1\" content=\"Caroline Kraus\" \/>\n\t<meta name=\"twitter:label2\" content=\"Est. reading time\" \/>\n\t<meta name=\"twitter:data2\" content=\"2 minutes\" \/>\n<script type=\"application\/ld+json\" class=\"yoast-schema-graph\">{\"@context\":\"https:\\\/\\\/schema.org\",\"@graph\":[{\"@type\":\"Article\",\"@id\":\"https:\\\/\\\/www.ballerstaedt.de\\\/en\\\/our-trade-fair-participation-in-2025\\\/#article\",\"isPartOf\":{\"@id\":\"https:\\\/\\\/www.ballerstaedt.de\\\/en\\\/our-trade-fair-participation-in-2025\\\/\"},\"author\":{\"name\":\"Caroline Kraus\",\"@id\":\"https:\\\/\\\/www.ballerstaedt.de\\\/#\\\/schema\\\/person\\\/a50bc4f401e27984363f62b3b63a8c67\"},\"headline\":\"Our Trade Fair Participation in 2025\",\"datePublished\":\"2024-12-04T09:44:08+00:00\",\"mainEntityOfPage\":{\"@id\":\"https:\\\/\\\/www.ballerstaedt.de\\\/en\\\/our-trade-fair-participation-in-2025\\\/\"},\"wordCount\":220,\"publisher\":{\"@id\":\"https:\\\/\\\/www.ballerstaedt.de\\\/#organization\"},\"image\":{\"@id\":\"https:\\\/\\\/www.ballerstaedt.de\\\/en\\\/our-trade-fair-participation-in-2025\\\/#primaryimage\"},\"thumbnailUrl\":\"https:\\\/\\\/www.ballerstaedt.de\\\/wp-content\\\/uploads\\\/2024\\\/12\\\/Messen-2025.jpg\",\"articleSection\":[\"News\",\"Trade Fairs\"],\"inLanguage\":\"en-US\"},{\"@type\":\"WebPage\",\"@id\":\"https:\\\/\\\/www.ballerstaedt.de\\\/en\\\/our-trade-fair-participation-in-2025\\\/\",\"url\":\"https:\\\/\\\/www.ballerstaedt.de\\\/en\\\/our-trade-fair-participation-in-2025\\\/\",\"name\":\"Our Trade Fair Participation in 2025 - Ballerstaedt\",\"isPartOf\":{\"@id\":\"https:\\\/\\\/www.ballerstaedt.de\\\/#website\"},\"primaryImageOfPage\":{\"@id\":\"https:\\\/\\\/www.ballerstaedt.de\\\/en\\\/our-trade-fair-participation-in-2025\\\/#primaryimage\"},\"image\":{\"@id\":\"https:\\\/\\\/www.ballerstaedt.de\\\/en\\\/our-trade-fair-participation-in-2025\\\/#primaryimage\"},\"thumbnailUrl\":\"https:\\\/\\\/www.ballerstaedt.de\\\/wp-content\\\/uploads\\\/2024\\\/12\\\/Messen-2025.jpg\",\"datePublished\":\"2024-12-04T09:44:08+00:00\",\"breadcrumb\":{\"@id\":\"https:\\\/\\\/www.ballerstaedt.de\\\/en\\\/our-trade-fair-participation-in-2025\\\/#breadcrumb\"},\"inLanguage\":\"en-US\",\"potentialAction\":[{\"@type\":\"ReadAction\",\"target\":[\"https:\\\/\\\/www.ballerstaedt.de\\\/en\\\/our-trade-fair-participation-in-2025\\\/\"]}]},{\"@type\":\"ImageObject\",\"inLanguage\":\"en-US\",\"@id\":\"https:\\\/\\\/www.ballerstaedt.de\\\/en\\\/our-trade-fair-participation-in-2025\\\/#primaryimage\",\"url\":\"https:\\\/\\\/www.ballerstaedt.de\\\/wp-content\\\/uploads\\\/2024\\\/12\\\/Messen-2025.jpg\",\"contentUrl\":\"https:\\\/\\\/www.ballerstaedt.de\\\/wp-content\\\/uploads\\\/2024\\\/12\\\/Messen-2025.jpg\",\"width\":1920,\"height\":1080,\"caption\":\"Vier Personen in Gesch\u00e4ftskleidung l\u00e4cheln und sch\u00fctteln sich die H\u00e4nde an einem Messestand f\u00fcr Versiegelungsmaschinen.\"},{\"@type\":\"BreadcrumbList\",\"@id\":\"https:\\\/\\\/www.ballerstaedt.de\\\/en\\\/our-trade-fair-participation-in-2025\\\/#breadcrumb\",\"itemListElement\":[{\"@type\":\"ListItem\",\"position\":1,\"name\":\"Startseite\",\"item\":\"https:\\\/\\\/www.ballerstaedt.de\\\/en\\\/\"},{\"@type\":\"ListItem\",\"position\":2,\"name\":\"Our Trade Fair Participation in 2025\"}]},{\"@type\":\"WebSite\",\"@id\":\"https:\\\/\\\/www.ballerstaedt.de\\\/#website\",\"url\":\"https:\\\/\\\/www.ballerstaedt.de\\\/\",\"name\":\"Ballerstaedt\",\"description\":\"Sealing systems\",\"publisher\":{\"@id\":\"https:\\\/\\\/www.ballerstaedt.de\\\/#organization\"},\"potentialAction\":[{\"@type\":\"SearchAction\",\"target\":{\"@type\":\"EntryPoint\",\"urlTemplate\":\"https:\\\/\\\/www.ballerstaedt.de\\\/?s={search_term_string}\"},\"query-input\":{\"@type\":\"PropertyValueSpecification\",\"valueRequired\":true,\"valueName\":\"search_term_string\"}}],\"inLanguage\":\"en-US\"},{\"@type\":\"Organization\",\"@id\":\"https:\\\/\\\/www.ballerstaedt.de\\\/#organization\",\"name\":\"Ballerstaedt\",\"url\":\"https:\\\/\\\/www.ballerstaedt.de\\\/\",\"logo\":{\"@type\":\"ImageObject\",\"inLanguage\":\"en-US\",\"@id\":\"https:\\\/\\\/www.ballerstaedt.de\\\/#\\\/schema\\\/logo\\\/image\\\/\",\"url\":\"https:\\\/\\\/www.ballerstaedt.de\\\/wp-content\\\/uploads\\\/2020\\\/06\\\/logo.png\",\"contentUrl\":\"https:\\\/\\\/www.ballerstaedt.de\\\/wp-content\\\/uploads\\\/2020\\\/06\\\/logo.png\",\"width\":384,\"height\":67,\"caption\":\"Ballerstaedt\"},\"image\":{\"@id\":\"https:\\\/\\\/www.ballerstaedt.de\\\/#\\\/schema\\\/logo\\\/image\\\/\"}},{\"@type\":\"Person\",\"@id\":\"https:\\\/\\\/www.ballerstaedt.de\\\/#\\\/schema\\\/person\\\/a50bc4f401e27984363f62b3b63a8c67\",\"name\":\"Caroline Kraus\",\"image\":{\"@type\":\"ImageObject\",\"inLanguage\":\"en-US\",\"@id\":\"https:\\\/\\\/secure.gravatar.com\\\/avatar\\\/b443528a4d5a64c324e9c6863d6902170a9ba67c3757c5c5b0578df6034f5cb4?s=96&d=mm&r=g\",\"url\":\"https:\\\/\\\/secure.gravatar.com\\\/avatar\\\/b443528a4d5a64c324e9c6863d6902170a9ba67c3757c5c5b0578df6034f5cb4?s=96&d=mm&r=g\",\"contentUrl\":\"https:\\\/\\\/secure.gravatar.com\\\/avatar\\\/b443528a4d5a64c324e9c6863d6902170a9ba67c3757c5c5b0578df6034f5cb4?s=96&d=mm&r=g\",\"caption\":\"Caroline Kraus\"}}]}<\/script>\n<!-- \/ Yoast SEO plugin. -->","yoast_head_json":{"title":"Our Trade Fair Participation in 2025 - Ballerstaedt","robots":{"index":"index","follow":"follow","max-snippet":"max-snippet:-1","max-image-preview":"max-image-preview:large","max-video-preview":"max-video-preview:-1"},"canonical":"https:\/\/www.ballerstaedt.de\/en\/our-trade-fair-participation-in-2025\/","og_locale":"en_US","og_type":"article","og_title":"Our Trade Fair Participation in 2025 - Ballerstaedt","og_description":"We are excited to announce our presence at some of the leading industry trade fairs in 2025. Take the opportunity to ...","og_url":"https:\/\/www.ballerstaedt.de\/en\/our-trade-fair-participation-in-2025\/","og_site_name":"Ballerstaedt","article_published_time":"2024-12-04T09:44:08+00:00","og_image":[{"width":1920,"height":1080,"url":"https:\/\/www.ballerstaedt.de\/wp-content\/uploads\/2024\/12\/Messen-2025.jpg","type":"image\/jpeg"}],"author":"Caroline Kraus","twitter_card":"summary_large_image","twitter_misc":{"Written by":"Caroline Kraus","Est. reading time":"2 minutes"},"schema":{"@context":"https:\/\/schema.org","@graph":[{"@type":"Article","@id":"https:\/\/www.ballerstaedt.de\/en\/our-trade-fair-participation-in-2025\/#article","isPartOf":{"@id":"https:\/\/www.ballerstaedt.de\/en\/our-trade-fair-participation-in-2025\/"},"author":{"name":"Caroline Kraus","@id":"https:\/\/www.ballerstaedt.de\/#\/schema\/person\/a50bc4f401e27984363f62b3b63a8c67"},"headline":"Our Trade Fair Participation in 2025","datePublished":"2024-12-04T09:44:08+00:00","mainEntityOfPage":{"@id":"https:\/\/www.ballerstaedt.de\/en\/our-trade-fair-participation-in-2025\/"},"wordCount":220,"publisher":{"@id":"https:\/\/www.ballerstaedt.de\/#organization"},"image":{"@id":"https:\/\/www.ballerstaedt.de\/en\/our-trade-fair-participation-in-2025\/#primaryimage"},"thumbnailUrl":"https:\/\/www.ballerstaedt.de\/wp-content\/uploads\/2024\/12\/Messen-2025.jpg","articleSection":["News","Trade Fairs"],"inLanguage":"en-US"},{"@type":"WebPage","@id":"https:\/\/www.ballerstaedt.de\/en\/our-trade-fair-participation-in-2025\/","url":"https:\/\/www.ballerstaedt.de\/en\/our-trade-fair-participation-in-2025\/","name":"Our Trade Fair Participation in 2025 - Ballerstaedt","isPartOf":{"@id":"https:\/\/www.ballerstaedt.de\/#website"},"primaryImageOfPage":{"@id":"https:\/\/www.ballerstaedt.de\/en\/our-trade-fair-participation-in-2025\/#primaryimage"},"image":{"@id":"https:\/\/www.ballerstaedt.de\/en\/our-trade-fair-participation-in-2025\/#primaryimage"},"thumbnailUrl":"https:\/\/www.ballerstaedt.de\/wp-content\/uploads\/2024\/12\/Messen-2025.jpg","datePublished":"2024-12-04T09:44:08+00:00","breadcrumb":{"@id":"https:\/\/www.ballerstaedt.de\/en\/our-trade-fair-participation-in-2025\/#breadcrumb"},"inLanguage":"en-US","potentialAction":[{"@type":"ReadAction","target":["https:\/\/www.ballerstaedt.de\/en\/our-trade-fair-participation-in-2025\/"]}]},{"@type":"ImageObject","inLanguage":"en-US","@id":"https:\/\/www.ballerstaedt.de\/en\/our-trade-fair-participation-in-2025\/#primaryimage","url":"https:\/\/www.ballerstaedt.de\/wp-content\/uploads\/2024\/12\/Messen-2025.jpg","contentUrl":"https:\/\/www.ballerstaedt.de\/wp-content\/uploads\/2024\/12\/Messen-2025.jpg","width":1920,"height":1080,"caption":"Vier Personen in Gesch\u00e4ftskleidung l\u00e4cheln und sch\u00fctteln sich die H\u00e4nde an einem Messestand f\u00fcr Versiegelungsmaschinen."},{"@type":"BreadcrumbList","@id":"https:\/\/www.ballerstaedt.de\/en\/our-trade-fair-participation-in-2025\/#breadcrumb","itemListElement":[{"@type":"ListItem","position":1,"name":"Startseite","item":"https:\/\/www.ballerstaedt.de\/en\/"},{"@type":"ListItem","position":2,"name":"Our Trade Fair Participation in 2025"}]},{"@type":"WebSite","@id":"https:\/\/www.ballerstaedt.de\/#website","url":"https:\/\/www.ballerstaedt.de\/","name":"Ballerstaedt","description":"Sealing systems","publisher":{"@id":"https:\/\/www.ballerstaedt.de\/#organization"},"potentialAction":[{"@type":"SearchAction","target":{"@type":"EntryPoint","urlTemplate":"https:\/\/www.ballerstaedt.de\/?s={search_term_string}"},"query-input":{"@type":"PropertyValueSpecification","valueRequired":true,"valueName":"search_term_string"}}],"inLanguage":"en-US"},{"@type":"Organization","@id":"https:\/\/www.ballerstaedt.de\/#organization","name":"Ballerstaedt","url":"https:\/\/www.ballerstaedt.de\/","logo":{"@type":"ImageObject","inLanguage":"en-US","@id":"https:\/\/www.ballerstaedt.de\/#\/schema\/logo\/image\/","url":"https:\/\/www.ballerstaedt.de\/wp-content\/uploads\/2020\/06\/logo.png","contentUrl":"https:\/\/www.ballerstaedt.de\/wp-content\/uploads\/2020\/06\/logo.png","width":384,"height":67,"caption":"Ballerstaedt"},"image":{"@id":"https:\/\/www.ballerstaedt.de\/#\/schema\/logo\/image\/"}},{"@type":"Person","@id":"https:\/\/www.ballerstaedt.de\/#\/schema\/person\/a50bc4f401e27984363f62b3b63a8c67","name":"Caroline Kraus","image":{"@type":"ImageObject","inLanguage":"en-US","@id":"https:\/\/secure.gravatar.com\/avatar\/b443528a4d5a64c324e9c6863d6902170a9ba67c3757c5c5b0578df6034f5cb4?s=96&d=mm&r=g","url":"https:\/\/secure.gravatar.com\/avatar\/b443528a4d5a64c324e9c6863d6902170a9ba67c3757c5c5b0578df6034f5cb4?s=96&d=mm&r=g","contentUrl":"https:\/\/secure.gravatar.com\/avatar\/b443528a4d5a64c324e9c6863d6902170a9ba67c3757c5c5b0578df6034f5cb4?s=96&d=mm&r=g","caption":"Caroline Kraus"}}]}},"_links":{"self":[{"href":"https:\/\/www.ballerstaedt.de\/en\/wp-json\/wp\/v2\/posts\/4126","targetHints":{"allow":["GET"]}}],"collection":[{"href":"https:\/\/www.ballerstaedt.de\/en\/wp-json\/wp\/v2\/posts"}],"about":[{"href":"https:\/\/www.ballerstaedt.de\/en\/wp-json\/wp\/v2\/types\/post"}],"author":[{"embeddable":true,"href":"https:\/\/www.ballerstaedt.de\/en\/wp-json\/wp\/v2\/users\/7"}],"replies":[{"embeddable":true,"href":"https:\/\/www.ballerstaedt.de\/en\/wp-json\/wp\/v2\/comments?post=4126"}],"version-history":[{"count":1,"href":"https:\/\/www.ballerstaedt.de\/en\/wp-json\/wp\/v2\/posts\/4126\/revisions"}],"predecessor-version":[{"id":4131,"href":"https:\/\/www.ballerstaedt.de\/en\/wp-json\/wp\/v2\/posts\/4126\/revisions\/4131"}],"wp:featuredmedia":[{"embeddable":true,"href":"https:\/\/www.ballerstaedt.de\/en\/wp-json\/wp\/v2\/media\/4130"}],"wp:attachment":[{"href":"https:\/\/www.ballerstaedt.de\/en\/wp-json\/wp\/v2\/media?parent=4126"}],"wp:term":[{"taxonomy":"category","embeddable":true,"href":"https:\/\/www.ballerstaedt.de\/en\/wp-json\/wp\/v2\/categories?post=4126"},{"taxonomy":"post_tag","embeddable":true,"href":"https:\/\/www.ballerstaedt.de\/en\/wp-json\/wp\/v2\/tags?post=4126"}],"curies":[{"name":"wp","href":"https:\/\/api.w.org\/{rel}","templated":true}]}}