{"id":3797,"date":"2024-03-19T14:51:13","date_gmt":"2024-03-19T13:51:13","guid":{"rendered":"https:\/\/www.ballerstaedt.de\/?p=3797"},"modified":"2024-03-19T14:51:13","modified_gmt":"2024-03-19T13:51:13","slug":"ballerstaedt-is-on-the-move-when-it-comes-to-cosmetics-pcd-paris","status":"publish","type":"post","link":"https:\/\/www.ballerstaedt.de\/en\/ballerstaedt-is-on-the-move-when-it-comes-to-cosmetics-pcd-paris\/","title":{"rendered":"BALLERSTAEDT is on the move when it comes to cosmetics: PCD Paris"},"content":{"rendered":"<p>We got the new trade fair year off to a successful start in January with our participation in <strong>PCD\/Paris Packaging Week<\/strong> (17 + 18.01.2024) and presented our sealing systems and technological expertise to a broad specialist audience. We took the opportunity not only to open up new business opportunities, but also to expand our network and explore current trends in the beauty and cosmetics industry.<\/p>\n<p>When it comes to trade fairs, we have a special focus on the cosmetics industry. The triad of <strong>Paris &#8211; Bologna &#8211; Munich<\/strong> has proven to be very promising in recent years.<br \/>\nLook forward to parts 2 and 3:<\/p>\n<p>Cosmopack Bologna (IT): March 21-23, 2024, Hall 20 Stand D32<br \/>\nCosmetic Business, Munich (DE): June 5-6, 2024, H3 A14\/B15<\/p>\n<p>We look forward to seeing you!<\/p>\n","protected":false},"excerpt":{"rendered":"<p>We got the new trade fair year off to a successful start in January with our participation in PCD\/Paris &#8230;<\/p>\n","protected":false},"author":7,"featured_media":3809,"comment_status":"closed","ping_status":"closed","sticky":false,"template":"","format":"standard","meta":{"footnotes":""},"categories":[18,17],"tags":[],"class_list":["post-3797","post","type-post","status-publish","format-standard","has-post-thumbnail","hentry","category-news-en","category-trade-fairs"],"yoast_head":"<!-- This site is optimized with the Yoast SEO plugin v27.4 - https:\/\/yoast.com\/product\/yoast-seo-wordpress\/ -->\n<title>BALLERSTAEDT is on the move when it comes to cosmetics: PCD Paris - Ballerstaedt<\/title>\n<meta name=\"robots\" content=\"index, follow, max-snippet:-1, max-image-preview:large, max-video-preview:-1\" \/>\n<link rel=\"canonical\" href=\"https:\/\/www.ballerstaedt.de\/en\/ballerstaedt-is-on-the-move-when-it-comes-to-cosmetics-pcd-paris\/\" \/>\n<meta property=\"og:locale\" content=\"en_US\" \/>\n<meta property=\"og:type\" content=\"article\" \/>\n<meta property=\"og:title\" content=\"BALLERSTAEDT is on the move when it comes to cosmetics: PCD Paris - Ballerstaedt\" \/>\n<meta property=\"og:description\" content=\"We got the new trade fair year off to a successful start in January with our participation in PCD\/Paris ...\" \/>\n<meta property=\"og:url\" content=\"https:\/\/www.ballerstaedt.de\/en\/ballerstaedt-is-on-the-move-when-it-comes-to-cosmetics-pcd-paris\/\" \/>\n<meta property=\"og:site_name\" content=\"Ballerstaedt\" \/>\n<meta property=\"article:published_time\" content=\"2024-03-19T13:51:13+00:00\" \/>\n<meta property=\"og:image\" content=\"https:\/\/www.ballerstaedt.de\/wp-content\/uploads\/2024\/03\/PCD-Messepost-2024.jpg\" \/>\n\t<meta property=\"og:image:width\" content=\"600\" \/>\n\t<meta property=\"og:image:height\" content=\"408\" \/>\n\t<meta property=\"og:image:type\" content=\"image\/jpeg\" \/>\n<meta name=\"author\" content=\"Caroline Kraus\" \/>\n<meta name=\"twitter:card\" content=\"summary_large_image\" \/>\n<meta name=\"twitter:label1\" content=\"Written by\" \/>\n\t<meta name=\"twitter:data1\" content=\"Caroline Kraus\" \/>\n\t<meta name=\"twitter:label2\" content=\"Est. reading time\" \/>\n\t<meta name=\"twitter:data2\" content=\"1 minute\" \/>\n<script type=\"application\/ld+json\" class=\"yoast-schema-graph\">{\"@context\":\"https:\\\/\\\/schema.org\",\"@graph\":[{\"@type\":\"Article\",\"@id\":\"https:\\\/\\\/www.ballerstaedt.de\\\/en\\\/ballerstaedt-is-on-the-move-when-it-comes-to-cosmetics-pcd-paris\\\/#article\",\"isPartOf\":{\"@id\":\"https:\\\/\\\/www.ballerstaedt.de\\\/en\\\/ballerstaedt-is-on-the-move-when-it-comes-to-cosmetics-pcd-paris\\\/\"},\"author\":{\"name\":\"Caroline Kraus\",\"@id\":\"https:\\\/\\\/www.ballerstaedt.de\\\/#\\\/schema\\\/person\\\/a50bc4f401e27984363f62b3b63a8c67\"},\"headline\":\"BALLERSTAEDT is on the move when it comes to cosmetics: PCD Paris\",\"datePublished\":\"2024-03-19T13:51:13+00:00\",\"mainEntityOfPage\":{\"@id\":\"https:\\\/\\\/www.ballerstaedt.de\\\/en\\\/ballerstaedt-is-on-the-move-when-it-comes-to-cosmetics-pcd-paris\\\/\"},\"wordCount\":135,\"publisher\":{\"@id\":\"https:\\\/\\\/www.ballerstaedt.de\\\/#organization\"},\"image\":{\"@id\":\"https:\\\/\\\/www.ballerstaedt.de\\\/en\\\/ballerstaedt-is-on-the-move-when-it-comes-to-cosmetics-pcd-paris\\\/#primaryimage\"},\"thumbnailUrl\":\"https:\\\/\\\/www.ballerstaedt.de\\\/wp-content\\\/uploads\\\/2024\\\/03\\\/PCD-Messepost-2024.jpg\",\"articleSection\":[\"News\",\"Trade Fairs\"],\"inLanguage\":\"en-US\"},{\"@type\":\"WebPage\",\"@id\":\"https:\\\/\\\/www.ballerstaedt.de\\\/en\\\/ballerstaedt-is-on-the-move-when-it-comes-to-cosmetics-pcd-paris\\\/\",\"url\":\"https:\\\/\\\/www.ballerstaedt.de\\\/en\\\/ballerstaedt-is-on-the-move-when-it-comes-to-cosmetics-pcd-paris\\\/\",\"name\":\"BALLERSTAEDT is on the move when it comes to cosmetics: PCD Paris - Ballerstaedt\",\"isPartOf\":{\"@id\":\"https:\\\/\\\/www.ballerstaedt.de\\\/#website\"},\"primaryImageOfPage\":{\"@id\":\"https:\\\/\\\/www.ballerstaedt.de\\\/en\\\/ballerstaedt-is-on-the-move-when-it-comes-to-cosmetics-pcd-paris\\\/#primaryimage\"},\"image\":{\"@id\":\"https:\\\/\\\/www.ballerstaedt.de\\\/en\\\/ballerstaedt-is-on-the-move-when-it-comes-to-cosmetics-pcd-paris\\\/#primaryimage\"},\"thumbnailUrl\":\"https:\\\/\\\/www.ballerstaedt.de\\\/wp-content\\\/uploads\\\/2024\\\/03\\\/PCD-Messepost-2024.jpg\",\"datePublished\":\"2024-03-19T13:51:13+00:00\",\"breadcrumb\":{\"@id\":\"https:\\\/\\\/www.ballerstaedt.de\\\/en\\\/ballerstaedt-is-on-the-move-when-it-comes-to-cosmetics-pcd-paris\\\/#breadcrumb\"},\"inLanguage\":\"en-US\",\"potentialAction\":[{\"@type\":\"ReadAction\",\"target\":[\"https:\\\/\\\/www.ballerstaedt.de\\\/en\\\/ballerstaedt-is-on-the-move-when-it-comes-to-cosmetics-pcd-paris\\\/\"]}]},{\"@type\":\"ImageObject\",\"inLanguage\":\"en-US\",\"@id\":\"https:\\\/\\\/www.ballerstaedt.de\\\/en\\\/ballerstaedt-is-on-the-move-when-it-comes-to-cosmetics-pcd-paris\\\/#primaryimage\",\"url\":\"https:\\\/\\\/www.ballerstaedt.de\\\/wp-content\\\/uploads\\\/2024\\\/03\\\/PCD-Messepost-2024.jpg\",\"contentUrl\":\"https:\\\/\\\/www.ballerstaedt.de\\\/wp-content\\\/uploads\\\/2024\\\/03\\\/PCD-Messepost-2024.jpg\",\"width\":600,\"height\":408,\"caption\":\"Drei Personen in Gesch\u00e4ftskleidung stehen l\u00e4chelnd vor einem Display \u00fcber Aluminium- oder Kunststoffverschlie\u00dfmaschinen.\"},{\"@type\":\"BreadcrumbList\",\"@id\":\"https:\\\/\\\/www.ballerstaedt.de\\\/en\\\/ballerstaedt-is-on-the-move-when-it-comes-to-cosmetics-pcd-paris\\\/#breadcrumb\",\"itemListElement\":[{\"@type\":\"ListItem\",\"position\":1,\"name\":\"Startseite\",\"item\":\"https:\\\/\\\/www.ballerstaedt.de\\\/en\\\/\"},{\"@type\":\"ListItem\",\"position\":2,\"name\":\"BALLERSTAEDT is on the move when it comes to cosmetics: PCD Paris\"}]},{\"@type\":\"WebSite\",\"@id\":\"https:\\\/\\\/www.ballerstaedt.de\\\/#website\",\"url\":\"https:\\\/\\\/www.ballerstaedt.de\\\/\",\"name\":\"Ballerstaedt\",\"description\":\"Sealing systems\",\"publisher\":{\"@id\":\"https:\\\/\\\/www.ballerstaedt.de\\\/#organization\"},\"potentialAction\":[{\"@type\":\"SearchAction\",\"target\":{\"@type\":\"EntryPoint\",\"urlTemplate\":\"https:\\\/\\\/www.ballerstaedt.de\\\/?s={search_term_string}\"},\"query-input\":{\"@type\":\"PropertyValueSpecification\",\"valueRequired\":true,\"valueName\":\"search_term_string\"}}],\"inLanguage\":\"en-US\"},{\"@type\":\"Organization\",\"@id\":\"https:\\\/\\\/www.ballerstaedt.de\\\/#organization\",\"name\":\"Ballerstaedt\",\"url\":\"https:\\\/\\\/www.ballerstaedt.de\\\/\",\"logo\":{\"@type\":\"ImageObject\",\"inLanguage\":\"en-US\",\"@id\":\"https:\\\/\\\/www.ballerstaedt.de\\\/#\\\/schema\\\/logo\\\/image\\\/\",\"url\":\"https:\\\/\\\/www.ballerstaedt.de\\\/wp-content\\\/uploads\\\/2020\\\/06\\\/logo.png\",\"contentUrl\":\"https:\\\/\\\/www.ballerstaedt.de\\\/wp-content\\\/uploads\\\/2020\\\/06\\\/logo.png\",\"width\":384,\"height\":67,\"caption\":\"Ballerstaedt\"},\"image\":{\"@id\":\"https:\\\/\\\/www.ballerstaedt.de\\\/#\\\/schema\\\/logo\\\/image\\\/\"}},{\"@type\":\"Person\",\"@id\":\"https:\\\/\\\/www.ballerstaedt.de\\\/#\\\/schema\\\/person\\\/a50bc4f401e27984363f62b3b63a8c67\",\"name\":\"Caroline Kraus\",\"image\":{\"@type\":\"ImageObject\",\"inLanguage\":\"en-US\",\"@id\":\"https:\\\/\\\/secure.gravatar.com\\\/avatar\\\/b443528a4d5a64c324e9c6863d6902170a9ba67c3757c5c5b0578df6034f5cb4?s=96&d=mm&r=g\",\"url\":\"https:\\\/\\\/secure.gravatar.com\\\/avatar\\\/b443528a4d5a64c324e9c6863d6902170a9ba67c3757c5c5b0578df6034f5cb4?s=96&d=mm&r=g\",\"contentUrl\":\"https:\\\/\\\/secure.gravatar.com\\\/avatar\\\/b443528a4d5a64c324e9c6863d6902170a9ba67c3757c5c5b0578df6034f5cb4?s=96&d=mm&r=g\",\"caption\":\"Caroline Kraus\"}}]}<\/script>\n<!-- \/ Yoast SEO plugin. -->","yoast_head_json":{"title":"BALLERSTAEDT is on the move when it comes to cosmetics: PCD Paris - Ballerstaedt","robots":{"index":"index","follow":"follow","max-snippet":"max-snippet:-1","max-image-preview":"max-image-preview:large","max-video-preview":"max-video-preview:-1"},"canonical":"https:\/\/www.ballerstaedt.de\/en\/ballerstaedt-is-on-the-move-when-it-comes-to-cosmetics-pcd-paris\/","og_locale":"en_US","og_type":"article","og_title":"BALLERSTAEDT is on the move when it comes to cosmetics: PCD Paris - Ballerstaedt","og_description":"We got the new trade fair year off to a successful start in January with our participation in PCD\/Paris ...","og_url":"https:\/\/www.ballerstaedt.de\/en\/ballerstaedt-is-on-the-move-when-it-comes-to-cosmetics-pcd-paris\/","og_site_name":"Ballerstaedt","article_published_time":"2024-03-19T13:51:13+00:00","og_image":[{"width":600,"height":408,"url":"https:\/\/www.ballerstaedt.de\/wp-content\/uploads\/2024\/03\/PCD-Messepost-2024.jpg","type":"image\/jpeg"}],"author":"Caroline Kraus","twitter_card":"summary_large_image","twitter_misc":{"Written by":"Caroline Kraus","Est. reading time":"1 minute"},"schema":{"@context":"https:\/\/schema.org","@graph":[{"@type":"Article","@id":"https:\/\/www.ballerstaedt.de\/en\/ballerstaedt-is-on-the-move-when-it-comes-to-cosmetics-pcd-paris\/#article","isPartOf":{"@id":"https:\/\/www.ballerstaedt.de\/en\/ballerstaedt-is-on-the-move-when-it-comes-to-cosmetics-pcd-paris\/"},"author":{"name":"Caroline Kraus","@id":"https:\/\/www.ballerstaedt.de\/#\/schema\/person\/a50bc4f401e27984363f62b3b63a8c67"},"headline":"BALLERSTAEDT is on the move when it comes to cosmetics: PCD Paris","datePublished":"2024-03-19T13:51:13+00:00","mainEntityOfPage":{"@id":"https:\/\/www.ballerstaedt.de\/en\/ballerstaedt-is-on-the-move-when-it-comes-to-cosmetics-pcd-paris\/"},"wordCount":135,"publisher":{"@id":"https:\/\/www.ballerstaedt.de\/#organization"},"image":{"@id":"https:\/\/www.ballerstaedt.de\/en\/ballerstaedt-is-on-the-move-when-it-comes-to-cosmetics-pcd-paris\/#primaryimage"},"thumbnailUrl":"https:\/\/www.ballerstaedt.de\/wp-content\/uploads\/2024\/03\/PCD-Messepost-2024.jpg","articleSection":["News","Trade Fairs"],"inLanguage":"en-US"},{"@type":"WebPage","@id":"https:\/\/www.ballerstaedt.de\/en\/ballerstaedt-is-on-the-move-when-it-comes-to-cosmetics-pcd-paris\/","url":"https:\/\/www.ballerstaedt.de\/en\/ballerstaedt-is-on-the-move-when-it-comes-to-cosmetics-pcd-paris\/","name":"BALLERSTAEDT is on the move when it comes to cosmetics: PCD Paris - Ballerstaedt","isPartOf":{"@id":"https:\/\/www.ballerstaedt.de\/#website"},"primaryImageOfPage":{"@id":"https:\/\/www.ballerstaedt.de\/en\/ballerstaedt-is-on-the-move-when-it-comes-to-cosmetics-pcd-paris\/#primaryimage"},"image":{"@id":"https:\/\/www.ballerstaedt.de\/en\/ballerstaedt-is-on-the-move-when-it-comes-to-cosmetics-pcd-paris\/#primaryimage"},"thumbnailUrl":"https:\/\/www.ballerstaedt.de\/wp-content\/uploads\/2024\/03\/PCD-Messepost-2024.jpg","datePublished":"2024-03-19T13:51:13+00:00","breadcrumb":{"@id":"https:\/\/www.ballerstaedt.de\/en\/ballerstaedt-is-on-the-move-when-it-comes-to-cosmetics-pcd-paris\/#breadcrumb"},"inLanguage":"en-US","potentialAction":[{"@type":"ReadAction","target":["https:\/\/www.ballerstaedt.de\/en\/ballerstaedt-is-on-the-move-when-it-comes-to-cosmetics-pcd-paris\/"]}]},{"@type":"ImageObject","inLanguage":"en-US","@id":"https:\/\/www.ballerstaedt.de\/en\/ballerstaedt-is-on-the-move-when-it-comes-to-cosmetics-pcd-paris\/#primaryimage","url":"https:\/\/www.ballerstaedt.de\/wp-content\/uploads\/2024\/03\/PCD-Messepost-2024.jpg","contentUrl":"https:\/\/www.ballerstaedt.de\/wp-content\/uploads\/2024\/03\/PCD-Messepost-2024.jpg","width":600,"height":408,"caption":"Drei Personen in Gesch\u00e4ftskleidung stehen l\u00e4chelnd vor einem Display \u00fcber Aluminium- oder Kunststoffverschlie\u00dfmaschinen."},{"@type":"BreadcrumbList","@id":"https:\/\/www.ballerstaedt.de\/en\/ballerstaedt-is-on-the-move-when-it-comes-to-cosmetics-pcd-paris\/#breadcrumb","itemListElement":[{"@type":"ListItem","position":1,"name":"Startseite","item":"https:\/\/www.ballerstaedt.de\/en\/"},{"@type":"ListItem","position":2,"name":"BALLERSTAEDT is on the move when it comes to cosmetics: PCD Paris"}]},{"@type":"WebSite","@id":"https:\/\/www.ballerstaedt.de\/#website","url":"https:\/\/www.ballerstaedt.de\/","name":"Ballerstaedt","description":"Sealing systems","publisher":{"@id":"https:\/\/www.ballerstaedt.de\/#organization"},"potentialAction":[{"@type":"SearchAction","target":{"@type":"EntryPoint","urlTemplate":"https:\/\/www.ballerstaedt.de\/?s={search_term_string}"},"query-input":{"@type":"PropertyValueSpecification","valueRequired":true,"valueName":"search_term_string"}}],"inLanguage":"en-US"},{"@type":"Organization","@id":"https:\/\/www.ballerstaedt.de\/#organization","name":"Ballerstaedt","url":"https:\/\/www.ballerstaedt.de\/","logo":{"@type":"ImageObject","inLanguage":"en-US","@id":"https:\/\/www.ballerstaedt.de\/#\/schema\/logo\/image\/","url":"https:\/\/www.ballerstaedt.de\/wp-content\/uploads\/2020\/06\/logo.png","contentUrl":"https:\/\/www.ballerstaedt.de\/wp-content\/uploads\/2020\/06\/logo.png","width":384,"height":67,"caption":"Ballerstaedt"},"image":{"@id":"https:\/\/www.ballerstaedt.de\/#\/schema\/logo\/image\/"}},{"@type":"Person","@id":"https:\/\/www.ballerstaedt.de\/#\/schema\/person\/a50bc4f401e27984363f62b3b63a8c67","name":"Caroline Kraus","image":{"@type":"ImageObject","inLanguage":"en-US","@id":"https:\/\/secure.gravatar.com\/avatar\/b443528a4d5a64c324e9c6863d6902170a9ba67c3757c5c5b0578df6034f5cb4?s=96&d=mm&r=g","url":"https:\/\/secure.gravatar.com\/avatar\/b443528a4d5a64c324e9c6863d6902170a9ba67c3757c5c5b0578df6034f5cb4?s=96&d=mm&r=g","contentUrl":"https:\/\/secure.gravatar.com\/avatar\/b443528a4d5a64c324e9c6863d6902170a9ba67c3757c5c5b0578df6034f5cb4?s=96&d=mm&r=g","caption":"Caroline Kraus"}}]}},"_links":{"self":[{"href":"https:\/\/www.ballerstaedt.de\/en\/wp-json\/wp\/v2\/posts\/3797","targetHints":{"allow":["GET"]}}],"collection":[{"href":"https:\/\/www.ballerstaedt.de\/en\/wp-json\/wp\/v2\/posts"}],"about":[{"href":"https:\/\/www.ballerstaedt.de\/en\/wp-json\/wp\/v2\/types\/post"}],"author":[{"embeddable":true,"href":"https:\/\/www.ballerstaedt.de\/en\/wp-json\/wp\/v2\/users\/7"}],"replies":[{"embeddable":true,"href":"https:\/\/www.ballerstaedt.de\/en\/wp-json\/wp\/v2\/comments?post=3797"}],"version-history":[{"count":1,"href":"https:\/\/www.ballerstaedt.de\/en\/wp-json\/wp\/v2\/posts\/3797\/revisions"}],"predecessor-version":[{"id":3810,"href":"https:\/\/www.ballerstaedt.de\/en\/wp-json\/wp\/v2\/posts\/3797\/revisions\/3810"}],"wp:featuredmedia":[{"embeddable":true,"href":"https:\/\/www.ballerstaedt.de\/en\/wp-json\/wp\/v2\/media\/3809"}],"wp:attachment":[{"href":"https:\/\/www.ballerstaedt.de\/en\/wp-json\/wp\/v2\/media?parent=3797"}],"wp:term":[{"taxonomy":"category","embeddable":true,"href":"https:\/\/www.ballerstaedt.de\/en\/wp-json\/wp\/v2\/categories?post=3797"},{"taxonomy":"post_tag","embeddable":true,"href":"https:\/\/www.ballerstaedt.de\/en\/wp-json\/wp\/v2\/tags?post=3797"}],"curies":[{"name":"wp","href":"https:\/\/api.w.org\/{rel}","templated":true}]}}