{"id":3134,"date":"2022-06-08T19:26:13","date_gmt":"2022-06-08T17:26:13","guid":{"rendered":"https:\/\/www.ballerstaedt.de\/?p=3134"},"modified":"2022-06-08T19:26:13","modified_gmt":"2022-06-08T17:26:13","slug":"cosmetic-business-2022","status":"publish","type":"post","link":"https:\/\/www.ballerstaedt.de\/en\/cosmetic-business-2022\/","title":{"rendered":"Cosmetic Business 2022"},"content":{"rendered":"<p>Also at this year&#8217;s Cosmetic Business in Munich on 01. and 02.06.22 we were allowed to meet numerous business partners in person and present our exclusive sealing solutions in individual designs. We look back on two successful days at the fair and look forward to the new projects!<\/p>\n<p>The next trade fairs will not be long in coming: Visit us at the<\/p>\n<p><strong>EMPACK in Hamburg am 22nd and June 23, 2022, <\/strong><strong>as well as on the <\/strong><\/p>\n<p><strong>PCD in Paris on 29. and June 30, 2022. <\/strong><\/p>\n<p>We look forward to you!<\/p>\n","protected":false},"excerpt":{"rendered":"<p>Also at this year&#8217;s Cosmetic Business in Munich on 01. and 02.06.22 we were allowed to meet numerous business partners in &#8230;<\/p>\n","protected":false},"author":6,"featured_media":3136,"comment_status":"closed","ping_status":"closed","sticky":false,"template":"","format":"standard","meta":{"footnotes":""},"categories":[17],"tags":[],"class_list":["post-3134","post","type-post","status-publish","format-standard","has-post-thumbnail","hentry","category-trade-fairs"],"yoast_head":"<!-- This site is optimized with the Yoast SEO plugin v27.4 - https:\/\/yoast.com\/product\/yoast-seo-wordpress\/ -->\n<title>Cosmetic Business 2022 - Ballerstaedt<\/title>\n<meta name=\"robots\" content=\"index, follow, max-snippet:-1, max-image-preview:large, max-video-preview:-1\" \/>\n<link rel=\"canonical\" href=\"https:\/\/www.ballerstaedt.de\/en\/cosmetic-business-2022\/\" \/>\n<meta property=\"og:locale\" content=\"en_US\" \/>\n<meta property=\"og:type\" content=\"article\" \/>\n<meta property=\"og:title\" content=\"Cosmetic Business 2022 - Ballerstaedt\" \/>\n<meta property=\"og:description\" content=\"Also at this year&#8217;s Cosmetic Business in Munich on 01. and 02.06.22 we were allowed to meet numerous business partners in ...\" \/>\n<meta property=\"og:url\" content=\"https:\/\/www.ballerstaedt.de\/en\/cosmetic-business-2022\/\" \/>\n<meta property=\"og:site_name\" content=\"Ballerstaedt\" \/>\n<meta property=\"article:published_time\" content=\"2022-06-08T17:26:13+00:00\" \/>\n<meta property=\"og:image\" content=\"https:\/\/www.ballerstaedt.de\/wp-content\/uploads\/2022\/06\/Cosmetic-Business-Muenchen-1.jpg\" \/>\n\t<meta property=\"og:image:width\" content=\"652\" \/>\n\t<meta property=\"og:image:height\" content=\"265\" \/>\n\t<meta property=\"og:image:type\" content=\"image\/jpeg\" \/>\n<meta name=\"author\" content=\"Kristina Senski\" \/>\n<meta name=\"twitter:card\" content=\"summary_large_image\" \/>\n<meta name=\"twitter:label1\" content=\"Written by\" \/>\n\t<meta name=\"twitter:data1\" content=\"Kristina Senski\" \/>\n\t<meta name=\"twitter:label2\" content=\"Est. reading time\" \/>\n\t<meta name=\"twitter:data2\" content=\"1 minute\" \/>\n<script type=\"application\/ld+json\" class=\"yoast-schema-graph\">{\"@context\":\"https:\\\/\\\/schema.org\",\"@graph\":[{\"@type\":\"Article\",\"@id\":\"https:\\\/\\\/www.ballerstaedt.de\\\/en\\\/cosmetic-business-2022\\\/#article\",\"isPartOf\":{\"@id\":\"https:\\\/\\\/www.ballerstaedt.de\\\/en\\\/cosmetic-business-2022\\\/\"},\"author\":{\"name\":\"Kristina Senski\",\"@id\":\"https:\\\/\\\/www.ballerstaedt.de\\\/#\\\/schema\\\/person\\\/9c7e18b808dc367ec13af5242e19f8fc\"},\"headline\":\"Cosmetic Business 2022\",\"datePublished\":\"2022-06-08T17:26:13+00:00\",\"mainEntityOfPage\":{\"@id\":\"https:\\\/\\\/www.ballerstaedt.de\\\/en\\\/cosmetic-business-2022\\\/\"},\"wordCount\":86,\"publisher\":{\"@id\":\"https:\\\/\\\/www.ballerstaedt.de\\\/#organization\"},\"image\":{\"@id\":\"https:\\\/\\\/www.ballerstaedt.de\\\/en\\\/cosmetic-business-2022\\\/#primaryimage\"},\"thumbnailUrl\":\"https:\\\/\\\/www.ballerstaedt.de\\\/wp-content\\\/uploads\\\/2022\\\/06\\\/Cosmetic-Business-Muenchen-1.jpg\",\"articleSection\":[\"Trade Fairs\"],\"inLanguage\":\"en-US\"},{\"@type\":\"WebPage\",\"@id\":\"https:\\\/\\\/www.ballerstaedt.de\\\/en\\\/cosmetic-business-2022\\\/\",\"url\":\"https:\\\/\\\/www.ballerstaedt.de\\\/en\\\/cosmetic-business-2022\\\/\",\"name\":\"Cosmetic Business 2022 - Ballerstaedt\",\"isPartOf\":{\"@id\":\"https:\\\/\\\/www.ballerstaedt.de\\\/#website\"},\"primaryImageOfPage\":{\"@id\":\"https:\\\/\\\/www.ballerstaedt.de\\\/en\\\/cosmetic-business-2022\\\/#primaryimage\"},\"image\":{\"@id\":\"https:\\\/\\\/www.ballerstaedt.de\\\/en\\\/cosmetic-business-2022\\\/#primaryimage\"},\"thumbnailUrl\":\"https:\\\/\\\/www.ballerstaedt.de\\\/wp-content\\\/uploads\\\/2022\\\/06\\\/Cosmetic-Business-Muenchen-1.jpg\",\"datePublished\":\"2022-06-08T17:26:13+00:00\",\"breadcrumb\":{\"@id\":\"https:\\\/\\\/www.ballerstaedt.de\\\/en\\\/cosmetic-business-2022\\\/#breadcrumb\"},\"inLanguage\":\"en-US\",\"potentialAction\":[{\"@type\":\"ReadAction\",\"target\":[\"https:\\\/\\\/www.ballerstaedt.de\\\/en\\\/cosmetic-business-2022\\\/\"]}]},{\"@type\":\"ImageObject\",\"inLanguage\":\"en-US\",\"@id\":\"https:\\\/\\\/www.ballerstaedt.de\\\/en\\\/cosmetic-business-2022\\\/#primaryimage\",\"url\":\"https:\\\/\\\/www.ballerstaedt.de\\\/wp-content\\\/uploads\\\/2022\\\/06\\\/Cosmetic-Business-Muenchen-1.jpg\",\"contentUrl\":\"https:\\\/\\\/www.ballerstaedt.de\\\/wp-content\\\/uploads\\\/2022\\\/06\\\/Cosmetic-Business-Muenchen-1.jpg\",\"width\":652,\"height\":265,\"caption\":\"F\u00fcnf professionell gekleidete Erwachsene stehen drinnen in einem hellen B\u00fcroraum und l\u00e4cheln f\u00fcr ein Gruppenfoto.\"},{\"@type\":\"BreadcrumbList\",\"@id\":\"https:\\\/\\\/www.ballerstaedt.de\\\/en\\\/cosmetic-business-2022\\\/#breadcrumb\",\"itemListElement\":[{\"@type\":\"ListItem\",\"position\":1,\"name\":\"Startseite\",\"item\":\"https:\\\/\\\/www.ballerstaedt.de\\\/en\\\/\"},{\"@type\":\"ListItem\",\"position\":2,\"name\":\"Cosmetic Business 2022\"}]},{\"@type\":\"WebSite\",\"@id\":\"https:\\\/\\\/www.ballerstaedt.de\\\/#website\",\"url\":\"https:\\\/\\\/www.ballerstaedt.de\\\/\",\"name\":\"Ballerstaedt\",\"description\":\"Sealing systems\",\"publisher\":{\"@id\":\"https:\\\/\\\/www.ballerstaedt.de\\\/#organization\"},\"potentialAction\":[{\"@type\":\"SearchAction\",\"target\":{\"@type\":\"EntryPoint\",\"urlTemplate\":\"https:\\\/\\\/www.ballerstaedt.de\\\/?s={search_term_string}\"},\"query-input\":{\"@type\":\"PropertyValueSpecification\",\"valueRequired\":true,\"valueName\":\"search_term_string\"}}],\"inLanguage\":\"en-US\"},{\"@type\":\"Organization\",\"@id\":\"https:\\\/\\\/www.ballerstaedt.de\\\/#organization\",\"name\":\"Ballerstaedt\",\"url\":\"https:\\\/\\\/www.ballerstaedt.de\\\/\",\"logo\":{\"@type\":\"ImageObject\",\"inLanguage\":\"en-US\",\"@id\":\"https:\\\/\\\/www.ballerstaedt.de\\\/#\\\/schema\\\/logo\\\/image\\\/\",\"url\":\"https:\\\/\\\/www.ballerstaedt.de\\\/wp-content\\\/uploads\\\/2020\\\/06\\\/logo.png\",\"contentUrl\":\"https:\\\/\\\/www.ballerstaedt.de\\\/wp-content\\\/uploads\\\/2020\\\/06\\\/logo.png\",\"width\":384,\"height\":67,\"caption\":\"Ballerstaedt\"},\"image\":{\"@id\":\"https:\\\/\\\/www.ballerstaedt.de\\\/#\\\/schema\\\/logo\\\/image\\\/\"}},{\"@type\":\"Person\",\"@id\":\"https:\\\/\\\/www.ballerstaedt.de\\\/#\\\/schema\\\/person\\\/9c7e18b808dc367ec13af5242e19f8fc\",\"name\":\"Kristina Senski\",\"image\":{\"@type\":\"ImageObject\",\"inLanguage\":\"en-US\",\"@id\":\"https:\\\/\\\/secure.gravatar.com\\\/avatar\\\/a9799dcaf74c99dcb17002e025445e07ece740dad81f48e087ad90dea6635ffe?s=96&d=mm&r=g\",\"url\":\"https:\\\/\\\/secure.gravatar.com\\\/avatar\\\/a9799dcaf74c99dcb17002e025445e07ece740dad81f48e087ad90dea6635ffe?s=96&d=mm&r=g\",\"contentUrl\":\"https:\\\/\\\/secure.gravatar.com\\\/avatar\\\/a9799dcaf74c99dcb17002e025445e07ece740dad81f48e087ad90dea6635ffe?s=96&d=mm&r=g\",\"caption\":\"Kristina Senski\"}}]}<\/script>\n<!-- \/ Yoast SEO plugin. -->","yoast_head_json":{"title":"Cosmetic Business 2022 - Ballerstaedt","robots":{"index":"index","follow":"follow","max-snippet":"max-snippet:-1","max-image-preview":"max-image-preview:large","max-video-preview":"max-video-preview:-1"},"canonical":"https:\/\/www.ballerstaedt.de\/en\/cosmetic-business-2022\/","og_locale":"en_US","og_type":"article","og_title":"Cosmetic Business 2022 - Ballerstaedt","og_description":"Also at this year&#8217;s Cosmetic Business in Munich on 01. and 02.06.22 we were allowed to meet numerous business partners in ...","og_url":"https:\/\/www.ballerstaedt.de\/en\/cosmetic-business-2022\/","og_site_name":"Ballerstaedt","article_published_time":"2022-06-08T17:26:13+00:00","og_image":[{"width":652,"height":265,"url":"https:\/\/www.ballerstaedt.de\/wp-content\/uploads\/2022\/06\/Cosmetic-Business-Muenchen-1.jpg","type":"image\/jpeg"}],"author":"Kristina Senski","twitter_card":"summary_large_image","twitter_misc":{"Written by":"Kristina Senski","Est. reading time":"1 minute"},"schema":{"@context":"https:\/\/schema.org","@graph":[{"@type":"Article","@id":"https:\/\/www.ballerstaedt.de\/en\/cosmetic-business-2022\/#article","isPartOf":{"@id":"https:\/\/www.ballerstaedt.de\/en\/cosmetic-business-2022\/"},"author":{"name":"Kristina Senski","@id":"https:\/\/www.ballerstaedt.de\/#\/schema\/person\/9c7e18b808dc367ec13af5242e19f8fc"},"headline":"Cosmetic Business 2022","datePublished":"2022-06-08T17:26:13+00:00","mainEntityOfPage":{"@id":"https:\/\/www.ballerstaedt.de\/en\/cosmetic-business-2022\/"},"wordCount":86,"publisher":{"@id":"https:\/\/www.ballerstaedt.de\/#organization"},"image":{"@id":"https:\/\/www.ballerstaedt.de\/en\/cosmetic-business-2022\/#primaryimage"},"thumbnailUrl":"https:\/\/www.ballerstaedt.de\/wp-content\/uploads\/2022\/06\/Cosmetic-Business-Muenchen-1.jpg","articleSection":["Trade Fairs"],"inLanguage":"en-US"},{"@type":"WebPage","@id":"https:\/\/www.ballerstaedt.de\/en\/cosmetic-business-2022\/","url":"https:\/\/www.ballerstaedt.de\/en\/cosmetic-business-2022\/","name":"Cosmetic Business 2022 - Ballerstaedt","isPartOf":{"@id":"https:\/\/www.ballerstaedt.de\/#website"},"primaryImageOfPage":{"@id":"https:\/\/www.ballerstaedt.de\/en\/cosmetic-business-2022\/#primaryimage"},"image":{"@id":"https:\/\/www.ballerstaedt.de\/en\/cosmetic-business-2022\/#primaryimage"},"thumbnailUrl":"https:\/\/www.ballerstaedt.de\/wp-content\/uploads\/2022\/06\/Cosmetic-Business-Muenchen-1.jpg","datePublished":"2022-06-08T17:26:13+00:00","breadcrumb":{"@id":"https:\/\/www.ballerstaedt.de\/en\/cosmetic-business-2022\/#breadcrumb"},"inLanguage":"en-US","potentialAction":[{"@type":"ReadAction","target":["https:\/\/www.ballerstaedt.de\/en\/cosmetic-business-2022\/"]}]},{"@type":"ImageObject","inLanguage":"en-US","@id":"https:\/\/www.ballerstaedt.de\/en\/cosmetic-business-2022\/#primaryimage","url":"https:\/\/www.ballerstaedt.de\/wp-content\/uploads\/2022\/06\/Cosmetic-Business-Muenchen-1.jpg","contentUrl":"https:\/\/www.ballerstaedt.de\/wp-content\/uploads\/2022\/06\/Cosmetic-Business-Muenchen-1.jpg","width":652,"height":265,"caption":"F\u00fcnf professionell gekleidete Erwachsene stehen drinnen in einem hellen B\u00fcroraum und l\u00e4cheln f\u00fcr ein Gruppenfoto."},{"@type":"BreadcrumbList","@id":"https:\/\/www.ballerstaedt.de\/en\/cosmetic-business-2022\/#breadcrumb","itemListElement":[{"@type":"ListItem","position":1,"name":"Startseite","item":"https:\/\/www.ballerstaedt.de\/en\/"},{"@type":"ListItem","position":2,"name":"Cosmetic Business 2022"}]},{"@type":"WebSite","@id":"https:\/\/www.ballerstaedt.de\/#website","url":"https:\/\/www.ballerstaedt.de\/","name":"Ballerstaedt","description":"Sealing systems","publisher":{"@id":"https:\/\/www.ballerstaedt.de\/#organization"},"potentialAction":[{"@type":"SearchAction","target":{"@type":"EntryPoint","urlTemplate":"https:\/\/www.ballerstaedt.de\/?s={search_term_string}"},"query-input":{"@type":"PropertyValueSpecification","valueRequired":true,"valueName":"search_term_string"}}],"inLanguage":"en-US"},{"@type":"Organization","@id":"https:\/\/www.ballerstaedt.de\/#organization","name":"Ballerstaedt","url":"https:\/\/www.ballerstaedt.de\/","logo":{"@type":"ImageObject","inLanguage":"en-US","@id":"https:\/\/www.ballerstaedt.de\/#\/schema\/logo\/image\/","url":"https:\/\/www.ballerstaedt.de\/wp-content\/uploads\/2020\/06\/logo.png","contentUrl":"https:\/\/www.ballerstaedt.de\/wp-content\/uploads\/2020\/06\/logo.png","width":384,"height":67,"caption":"Ballerstaedt"},"image":{"@id":"https:\/\/www.ballerstaedt.de\/#\/schema\/logo\/image\/"}},{"@type":"Person","@id":"https:\/\/www.ballerstaedt.de\/#\/schema\/person\/9c7e18b808dc367ec13af5242e19f8fc","name":"Kristina Senski","image":{"@type":"ImageObject","inLanguage":"en-US","@id":"https:\/\/secure.gravatar.com\/avatar\/a9799dcaf74c99dcb17002e025445e07ece740dad81f48e087ad90dea6635ffe?s=96&d=mm&r=g","url":"https:\/\/secure.gravatar.com\/avatar\/a9799dcaf74c99dcb17002e025445e07ece740dad81f48e087ad90dea6635ffe?s=96&d=mm&r=g","contentUrl":"https:\/\/secure.gravatar.com\/avatar\/a9799dcaf74c99dcb17002e025445e07ece740dad81f48e087ad90dea6635ffe?s=96&d=mm&r=g","caption":"Kristina Senski"}}]}},"_links":{"self":[{"href":"https:\/\/www.ballerstaedt.de\/en\/wp-json\/wp\/v2\/posts\/3134","targetHints":{"allow":["GET"]}}],"collection":[{"href":"https:\/\/www.ballerstaedt.de\/en\/wp-json\/wp\/v2\/posts"}],"about":[{"href":"https:\/\/www.ballerstaedt.de\/en\/wp-json\/wp\/v2\/types\/post"}],"author":[{"embeddable":true,"href":"https:\/\/www.ballerstaedt.de\/en\/wp-json\/wp\/v2\/users\/6"}],"replies":[{"embeddable":true,"href":"https:\/\/www.ballerstaedt.de\/en\/wp-json\/wp\/v2\/comments?post=3134"}],"version-history":[{"count":1,"href":"https:\/\/www.ballerstaedt.de\/en\/wp-json\/wp\/v2\/posts\/3134\/revisions"}],"predecessor-version":[{"id":3138,"href":"https:\/\/www.ballerstaedt.de\/en\/wp-json\/wp\/v2\/posts\/3134\/revisions\/3138"}],"wp:featuredmedia":[{"embeddable":true,"href":"https:\/\/www.ballerstaedt.de\/en\/wp-json\/wp\/v2\/media\/3136"}],"wp:attachment":[{"href":"https:\/\/www.ballerstaedt.de\/en\/wp-json\/wp\/v2\/media?parent=3134"}],"wp:term":[{"taxonomy":"category","embeddable":true,"href":"https:\/\/www.ballerstaedt.de\/en\/wp-json\/wp\/v2\/categories?post=3134"},{"taxonomy":"post_tag","embeddable":true,"href":"https:\/\/www.ballerstaedt.de\/en\/wp-json\/wp\/v2\/tags?post=3134"}],"curies":[{"name":"wp","href":"https:\/\/api.w.org\/{rel}","templated":true}]}}